{"id":2475,"date":"2024-02-27T15:53:16","date_gmt":"2024-02-27T14:53:16","guid":{"rendered":"https:\/\/patrimoine-de-pennautier.fr\/?p=2475"},"modified":"2024-10-14T09:28:49","modified_gmt":"2024-10-14T07:28:49","slug":"balade-ludique-et-repas-tire-du-sac","status":"publish","type":"post","link":"https:\/\/patrimoine-de-pennautier.fr\/index.php\/2024\/02\/27\/balade-ludique-et-repas-tire-du-sac\/","title":{"rendered":"participation au march\u00e9 de No\u00ebl"},"content":{"rendered":"\n<p>Notre association accompagn\u00e9 par l&rsquo;association \u00ab\u00a0Les Amis de Pech-en-Aldari\u00a0\u00bb sera pr\u00e9sente au march\u00e9 de no\u00ebl organis\u00e9 par l&rsquo;association \u00ab\u00a0du sapin au jardin\u00a0\u00bb qui aura lieu le DIMANCHE 24 NOVEMBRE salle polyvalente Intersport.<\/p>\n\n\n\n<p>Nos associations proposerons, les fascicules r\u00e9alis\u00e9s par nos b\u00e9n\u00e9voles, des reproductions d&rsquo;aquarelles des vues du village, des cartes postales de ces aquarelles, le calendrier 2025, des cailloux peints aux couleurs de No\u00ebl et toujours les nichoirs et mangeoires pour les oiseaux des jardins, des nichoirs \u00e0 chauve-souris.<\/p>\n\n\n\n<p>nous vous pr\u00e9senterons les chemins de randonn\u00e9es \u00e0 travers le territoire de la commune, la nouvelle section \u00ab\u00a0Pennautier, Nature Propre\u00a0\u00bb qui \u0153uvre pour la pr\u00e9servation de notre espace de vie<\/p>\n\n\n\n<p>nous nous ferons une joie de r\u00e9pondre \u00e0 toutes vos questions \u00e0 propos de nos actions .<\/p>\n","protected":false},"excerpt":{"rendered":"<p>Notre association accompagn\u00e9 par l&rsquo;association \u00ab\u00a0Les Amis de Pech-en-Aldari\u00a0\u00bb sera pr\u00e9sente au march\u00e9 de no\u00ebl organis\u00e9&#8230;<\/p>\n","protected":false},"author":1,"featured_media":2476,"comment_status":"open","ping_status":"open","sticky":false,"template":"","format":"standard","meta":{"_kadence_starter_templates_imported_post":false,"_kad_post_transparent":"","_kad_post_title":"","_kad_post_layout":"","_kad_post_sidebar_id":"","_kad_post_content_style":"","_kad_post_vertical_padding":"","_kad_post_feature":"","_kad_post_feature_position":"","_kad_post_header":false,"_kad_post_footer":false,"iawp_total_views":38,"footnotes":""},"categories":[10],"tags":[],"class_list":["post-2475","post","type-post","status-publish","format-standard","has-post-thumbnail","hentry","category-sortie"],"yoast_head":"<!-- This site is optimized with the Yoast SEO plugin v22.9 - https:\/\/yoast.com\/wordpress\/plugins\/seo\/ -->\n<title>participation au march\u00e9 de No\u00ebl - Pennautier - Nature et Patrimoine<\/title>\n<meta name=\"robots\" content=\"index, follow, max-snippet:-1, max-image-preview:large, max-video-preview:-1\" \/>\n<link rel=\"canonical\" href=\"https:\/\/patrimoine-de-pennautier.fr\/index.php\/2024\/02\/27\/balade-ludique-et-repas-tire-du-sac\/\" \/>\n<meta property=\"og:locale\" content=\"fr_FR\" \/>\n<meta property=\"og:type\" content=\"article\" \/>\n<meta property=\"og:title\" content=\"participation au march\u00e9 de No\u00ebl - Pennautier - Nature et Patrimoine\" \/>\n<meta property=\"og:description\" content=\"Notre association accompagn\u00e9 par l&rsquo;association \u00ab\u00a0Les Amis de Pech-en-Aldari\u00a0\u00bb sera pr\u00e9sente au march\u00e9 de no\u00ebl organis\u00e9...\" \/>\n<meta property=\"og:url\" content=\"https:\/\/patrimoine-de-pennautier.fr\/index.php\/2024\/02\/27\/balade-ludique-et-repas-tire-du-sac\/\" \/>\n<meta property=\"og:site_name\" content=\"Pennautier - Nature et Patrimoine\" \/>\n<meta property=\"article:published_time\" content=\"2024-02-27T14:53:16+00:00\" \/>\n<meta property=\"article:modified_time\" content=\"2024-10-14T07:28:49+00:00\" \/>\n<meta property=\"og:image\" content=\"https:\/\/patrimoine-de-pennautier.fr\/wp-content\/uploads\/2024\/02\/Screenshot-2024-02-27-at-15-51-44-Photo-de-Pixabay-sur-Pexels.png\" \/>\n\t<meta property=\"og:image:width\" content=\"1010\" \/>\n\t<meta property=\"og:image:height\" content=\"681\" \/>\n\t<meta property=\"og:image:type\" content=\"image\/png\" \/>\n<meta name=\"author\" content=\"Admin-Pennautier\" \/>\n<meta name=\"twitter:card\" content=\"summary_large_image\" \/>\n<meta name=\"twitter:label1\" content=\"\u00c9crit par\" \/>\n\t<meta name=\"twitter:data1\" content=\"Admin-Pennautier\" \/>\n\t<meta name=\"twitter:label2\" content=\"Dur\u00e9e de lecture estim\u00e9e\" \/>\n\t<meta name=\"twitter:data2\" content=\"1 minute\" \/>\n<script type=\"application\/ld+json\" class=\"yoast-schema-graph\">{\"@context\":\"https:\/\/schema.org\",\"@graph\":[{\"@type\":\"Article\",\"@id\":\"https:\/\/patrimoine-de-pennautier.fr\/index.php\/2024\/02\/27\/balade-ludique-et-repas-tire-du-sac\/#article\",\"isPartOf\":{\"@id\":\"https:\/\/patrimoine-de-pennautier.fr\/index.php\/2024\/02\/27\/balade-ludique-et-repas-tire-du-sac\/\"},\"author\":{\"name\":\"Admin-Pennautier\",\"@id\":\"https:\/\/patrimoine-de-pennautier.fr\/#\/schema\/person\/d026c165890cc1dff18a91617537a88e\"},\"headline\":\"participation au march\u00e9 de No\u00ebl\",\"datePublished\":\"2024-02-27T14:53:16+00:00\",\"dateModified\":\"2024-10-14T07:28:49+00:00\",\"mainEntityOfPage\":{\"@id\":\"https:\/\/patrimoine-de-pennautier.fr\/index.php\/2024\/02\/27\/balade-ludique-et-repas-tire-du-sac\/\"},\"wordCount\":136,\"commentCount\":0,\"publisher\":{\"@id\":\"https:\/\/patrimoine-de-pennautier.fr\/#organization\"},\"image\":{\"@id\":\"https:\/\/patrimoine-de-pennautier.fr\/index.php\/2024\/02\/27\/balade-ludique-et-repas-tire-du-sac\/#primaryimage\"},\"thumbnailUrl\":\"https:\/\/patrimoine-de-pennautier.fr\/wp-content\/uploads\/2024\/02\/Screenshot-2024-02-27-at-15-51-44-Photo-de-Pixabay-sur-Pexels.png\",\"articleSection\":[\"Sortie\"],\"inLanguage\":\"fr-FR\",\"potentialAction\":[{\"@type\":\"CommentAction\",\"name\":\"Comment\",\"target\":[\"https:\/\/patrimoine-de-pennautier.fr\/index.php\/2024\/02\/27\/balade-ludique-et-repas-tire-du-sac\/#respond\"]}]},{\"@type\":\"WebPage\",\"@id\":\"https:\/\/patrimoine-de-pennautier.fr\/index.php\/2024\/02\/27\/balade-ludique-et-repas-tire-du-sac\/\",\"url\":\"https:\/\/patrimoine-de-pennautier.fr\/index.php\/2024\/02\/27\/balade-ludique-et-repas-tire-du-sac\/\",\"name\":\"participation au march\u00e9 de No\u00ebl - Pennautier - Nature et Patrimoine\",\"isPartOf\":{\"@id\":\"https:\/\/patrimoine-de-pennautier.fr\/#website\"},\"primaryImageOfPage\":{\"@id\":\"https:\/\/patrimoine-de-pennautier.fr\/index.php\/2024\/02\/27\/balade-ludique-et-repas-tire-du-sac\/#primaryimage\"},\"image\":{\"@id\":\"https:\/\/patrimoine-de-pennautier.fr\/index.php\/2024\/02\/27\/balade-ludique-et-repas-tire-du-sac\/#primaryimage\"},\"thumbnailUrl\":\"https:\/\/patrimoine-de-pennautier.fr\/wp-content\/uploads\/2024\/02\/Screenshot-2024-02-27-at-15-51-44-Photo-de-Pixabay-sur-Pexels.png\",\"datePublished\":\"2024-02-27T14:53:16+00:00\",\"dateModified\":\"2024-10-14T07:28:49+00:00\",\"breadcrumb\":{\"@id\":\"https:\/\/patrimoine-de-pennautier.fr\/index.php\/2024\/02\/27\/balade-ludique-et-repas-tire-du-sac\/#breadcrumb\"},\"inLanguage\":\"fr-FR\",\"potentialAction\":[{\"@type\":\"ReadAction\",\"target\":[\"https:\/\/patrimoine-de-pennautier.fr\/index.php\/2024\/02\/27\/balade-ludique-et-repas-tire-du-sac\/\"]}]},{\"@type\":\"ImageObject\",\"inLanguage\":\"fr-FR\",\"@id\":\"https:\/\/patrimoine-de-pennautier.fr\/index.php\/2024\/02\/27\/balade-ludique-et-repas-tire-du-sac\/#primaryimage\",\"url\":\"https:\/\/patrimoine-de-pennautier.fr\/wp-content\/uploads\/2024\/02\/Screenshot-2024-02-27-at-15-51-44-Photo-de-Pixabay-sur-Pexels.png\",\"contentUrl\":\"https:\/\/patrimoine-de-pennautier.fr\/wp-content\/uploads\/2024\/02\/Screenshot-2024-02-27-at-15-51-44-Photo-de-Pixabay-sur-Pexels.png\",\"width\":1010,\"height\":681,\"caption\":\"Chemin en for\u00eat\"},{\"@type\":\"BreadcrumbList\",\"@id\":\"https:\/\/patrimoine-de-pennautier.fr\/index.php\/2024\/02\/27\/balade-ludique-et-repas-tire-du-sac\/#breadcrumb\",\"itemListElement\":[{\"@type\":\"ListItem\",\"position\":1,\"name\":\"Accueil\",\"item\":\"https:\/\/patrimoine-de-pennautier.fr\/\"},{\"@type\":\"ListItem\",\"position\":2,\"name\":\"participation au march\u00e9 de No\u00ebl\"}]},{\"@type\":\"WebSite\",\"@id\":\"https:\/\/patrimoine-de-pennautier.fr\/#website\",\"url\":\"https:\/\/patrimoine-de-pennautier.fr\/\",\"name\":\"Pennautier - Nature et Patrimoine\",\"description\":\"\",\"publisher\":{\"@id\":\"https:\/\/patrimoine-de-pennautier.fr\/#organization\"},\"potentialAction\":[{\"@type\":\"SearchAction\",\"target\":{\"@type\":\"EntryPoint\",\"urlTemplate\":\"https:\/\/patrimoine-de-pennautier.fr\/?s={search_term_string}\"},\"query-input\":\"required name=search_term_string\"}],\"inLanguage\":\"fr-FR\"},{\"@type\":\"Organization\",\"@id\":\"https:\/\/patrimoine-de-pennautier.fr\/#organization\",\"name\":\"Pennautier - Nature et Patrimoine\",\"url\":\"https:\/\/patrimoine-de-pennautier.fr\/\",\"logo\":{\"@type\":\"ImageObject\",\"inLanguage\":\"fr-FR\",\"@id\":\"https:\/\/patrimoine-de-pennautier.fr\/#\/schema\/logo\/image\/\",\"url\":\"https:\/\/patrimoine-de-pennautier.fr\/wp-content\/uploads\/2023\/11\/logo.png\",\"contentUrl\":\"https:\/\/patrimoine-de-pennautier.fr\/wp-content\/uploads\/2023\/11\/logo.png\",\"width\":2136,\"height\":992,\"caption\":\"Pennautier - Nature et Patrimoine\"},\"image\":{\"@id\":\"https:\/\/patrimoine-de-pennautier.fr\/#\/schema\/logo\/image\/\"}},{\"@type\":\"Person\",\"@id\":\"https:\/\/patrimoine-de-pennautier.fr\/#\/schema\/person\/d026c165890cc1dff18a91617537a88e\",\"name\":\"Admin-Pennautier\",\"image\":{\"@type\":\"ImageObject\",\"inLanguage\":\"fr-FR\",\"@id\":\"https:\/\/patrimoine-de-pennautier.fr\/#\/schema\/person\/image\/\",\"url\":\"https:\/\/secure.gravatar.com\/avatar\/a762e214c144733077c76d182ebb083dd88a2dcef1ee9c43272ff04356ed9234?s=96&d=mm&r=g\",\"contentUrl\":\"https:\/\/secure.gravatar.com\/avatar\/a762e214c144733077c76d182ebb083dd88a2dcef1ee9c43272ff04356ed9234?s=96&d=mm&r=g\",\"caption\":\"Admin-Pennautier\"},\"sameAs\":[\"https:\/\/patrimoine-de-pennautier.fr\"],\"url\":\"https:\/\/patrimoine-de-pennautier.fr\/index.php\/author\/admin-pennautier\/\"}]}<\/script>\n<!-- \/ Yoast SEO plugin. -->","yoast_head_json":{"title":"participation au march\u00e9 de No\u00ebl - Pennautier - Nature et Patrimoine","robots":{"index":"index","follow":"follow","max-snippet":"max-snippet:-1","max-image-preview":"max-image-preview:large","max-video-preview":"max-video-preview:-1"},"canonical":"https:\/\/patrimoine-de-pennautier.fr\/index.php\/2024\/02\/27\/balade-ludique-et-repas-tire-du-sac\/","og_locale":"fr_FR","og_type":"article","og_title":"participation au march\u00e9 de No\u00ebl - Pennautier - Nature et Patrimoine","og_description":"Notre association accompagn\u00e9 par l&rsquo;association \u00ab\u00a0Les Amis de Pech-en-Aldari\u00a0\u00bb sera pr\u00e9sente au march\u00e9 de no\u00ebl organis\u00e9...","og_url":"https:\/\/patrimoine-de-pennautier.fr\/index.php\/2024\/02\/27\/balade-ludique-et-repas-tire-du-sac\/","og_site_name":"Pennautier - Nature et Patrimoine","article_published_time":"2024-02-27T14:53:16+00:00","article_modified_time":"2024-10-14T07:28:49+00:00","og_image":[{"width":1010,"height":681,"url":"https:\/\/patrimoine-de-pennautier.fr\/wp-content\/uploads\/2024\/02\/Screenshot-2024-02-27-at-15-51-44-Photo-de-Pixabay-sur-Pexels.png","type":"image\/png"}],"author":"Admin-Pennautier","twitter_card":"summary_large_image","twitter_misc":{"\u00c9crit par":"Admin-Pennautier","Dur\u00e9e de lecture estim\u00e9e":"1 minute"},"schema":{"@context":"https:\/\/schema.org","@graph":[{"@type":"Article","@id":"https:\/\/patrimoine-de-pennautier.fr\/index.php\/2024\/02\/27\/balade-ludique-et-repas-tire-du-sac\/#article","isPartOf":{"@id":"https:\/\/patrimoine-de-pennautier.fr\/index.php\/2024\/02\/27\/balade-ludique-et-repas-tire-du-sac\/"},"author":{"name":"Admin-Pennautier","@id":"https:\/\/patrimoine-de-pennautier.fr\/#\/schema\/person\/d026c165890cc1dff18a91617537a88e"},"headline":"participation au march\u00e9 de No\u00ebl","datePublished":"2024-02-27T14:53:16+00:00","dateModified":"2024-10-14T07:28:49+00:00","mainEntityOfPage":{"@id":"https:\/\/patrimoine-de-pennautier.fr\/index.php\/2024\/02\/27\/balade-ludique-et-repas-tire-du-sac\/"},"wordCount":136,"commentCount":0,"publisher":{"@id":"https:\/\/patrimoine-de-pennautier.fr\/#organization"},"image":{"@id":"https:\/\/patrimoine-de-pennautier.fr\/index.php\/2024\/02\/27\/balade-ludique-et-repas-tire-du-sac\/#primaryimage"},"thumbnailUrl":"https:\/\/patrimoine-de-pennautier.fr\/wp-content\/uploads\/2024\/02\/Screenshot-2024-02-27-at-15-51-44-Photo-de-Pixabay-sur-Pexels.png","articleSection":["Sortie"],"inLanguage":"fr-FR","potentialAction":[{"@type":"CommentAction","name":"Comment","target":["https:\/\/patrimoine-de-pennautier.fr\/index.php\/2024\/02\/27\/balade-ludique-et-repas-tire-du-sac\/#respond"]}]},{"@type":"WebPage","@id":"https:\/\/patrimoine-de-pennautier.fr\/index.php\/2024\/02\/27\/balade-ludique-et-repas-tire-du-sac\/","url":"https:\/\/patrimoine-de-pennautier.fr\/index.php\/2024\/02\/27\/balade-ludique-et-repas-tire-du-sac\/","name":"participation au march\u00e9 de No\u00ebl - Pennautier - Nature et Patrimoine","isPartOf":{"@id":"https:\/\/patrimoine-de-pennautier.fr\/#website"},"primaryImageOfPage":{"@id":"https:\/\/patrimoine-de-pennautier.fr\/index.php\/2024\/02\/27\/balade-ludique-et-repas-tire-du-sac\/#primaryimage"},"image":{"@id":"https:\/\/patrimoine-de-pennautier.fr\/index.php\/2024\/02\/27\/balade-ludique-et-repas-tire-du-sac\/#primaryimage"},"thumbnailUrl":"https:\/\/patrimoine-de-pennautier.fr\/wp-content\/uploads\/2024\/02\/Screenshot-2024-02-27-at-15-51-44-Photo-de-Pixabay-sur-Pexels.png","datePublished":"2024-02-27T14:53:16+00:00","dateModified":"2024-10-14T07:28:49+00:00","breadcrumb":{"@id":"https:\/\/patrimoine-de-pennautier.fr\/index.php\/2024\/02\/27\/balade-ludique-et-repas-tire-du-sac\/#breadcrumb"},"inLanguage":"fr-FR","potentialAction":[{"@type":"ReadAction","target":["https:\/\/patrimoine-de-pennautier.fr\/index.php\/2024\/02\/27\/balade-ludique-et-repas-tire-du-sac\/"]}]},{"@type":"ImageObject","inLanguage":"fr-FR","@id":"https:\/\/patrimoine-de-pennautier.fr\/index.php\/2024\/02\/27\/balade-ludique-et-repas-tire-du-sac\/#primaryimage","url":"https:\/\/patrimoine-de-pennautier.fr\/wp-content\/uploads\/2024\/02\/Screenshot-2024-02-27-at-15-51-44-Photo-de-Pixabay-sur-Pexels.png","contentUrl":"https:\/\/patrimoine-de-pennautier.fr\/wp-content\/uploads\/2024\/02\/Screenshot-2024-02-27-at-15-51-44-Photo-de-Pixabay-sur-Pexels.png","width":1010,"height":681,"caption":"Chemin en for\u00eat"},{"@type":"BreadcrumbList","@id":"https:\/\/patrimoine-de-pennautier.fr\/index.php\/2024\/02\/27\/balade-ludique-et-repas-tire-du-sac\/#breadcrumb","itemListElement":[{"@type":"ListItem","position":1,"name":"Accueil","item":"https:\/\/patrimoine-de-pennautier.fr\/"},{"@type":"ListItem","position":2,"name":"participation au march\u00e9 de No\u00ebl"}]},{"@type":"WebSite","@id":"https:\/\/patrimoine-de-pennautier.fr\/#website","url":"https:\/\/patrimoine-de-pennautier.fr\/","name":"Pennautier - Nature et Patrimoine","description":"","publisher":{"@id":"https:\/\/patrimoine-de-pennautier.fr\/#organization"},"potentialAction":[{"@type":"SearchAction","target":{"@type":"EntryPoint","urlTemplate":"https:\/\/patrimoine-de-pennautier.fr\/?s={search_term_string}"},"query-input":"required name=search_term_string"}],"inLanguage":"fr-FR"},{"@type":"Organization","@id":"https:\/\/patrimoine-de-pennautier.fr\/#organization","name":"Pennautier - Nature et Patrimoine","url":"https:\/\/patrimoine-de-pennautier.fr\/","logo":{"@type":"ImageObject","inLanguage":"fr-FR","@id":"https:\/\/patrimoine-de-pennautier.fr\/#\/schema\/logo\/image\/","url":"https:\/\/patrimoine-de-pennautier.fr\/wp-content\/uploads\/2023\/11\/logo.png","contentUrl":"https:\/\/patrimoine-de-pennautier.fr\/wp-content\/uploads\/2023\/11\/logo.png","width":2136,"height":992,"caption":"Pennautier - Nature et Patrimoine"},"image":{"@id":"https:\/\/patrimoine-de-pennautier.fr\/#\/schema\/logo\/image\/"}},{"@type":"Person","@id":"https:\/\/patrimoine-de-pennautier.fr\/#\/schema\/person\/d026c165890cc1dff18a91617537a88e","name":"Admin-Pennautier","image":{"@type":"ImageObject","inLanguage":"fr-FR","@id":"https:\/\/patrimoine-de-pennautier.fr\/#\/schema\/person\/image\/","url":"https:\/\/secure.gravatar.com\/avatar\/a762e214c144733077c76d182ebb083dd88a2dcef1ee9c43272ff04356ed9234?s=96&d=mm&r=g","contentUrl":"https:\/\/secure.gravatar.com\/avatar\/a762e214c144733077c76d182ebb083dd88a2dcef1ee9c43272ff04356ed9234?s=96&d=mm&r=g","caption":"Admin-Pennautier"},"sameAs":["https:\/\/patrimoine-de-pennautier.fr"],"url":"https:\/\/patrimoine-de-pennautier.fr\/index.php\/author\/admin-pennautier\/"}]}},"_links":{"self":[{"href":"https:\/\/patrimoine-de-pennautier.fr\/index.php\/wp-json\/wp\/v2\/posts\/2475","targetHints":{"allow":["GET"]}}],"collection":[{"href":"https:\/\/patrimoine-de-pennautier.fr\/index.php\/wp-json\/wp\/v2\/posts"}],"about":[{"href":"https:\/\/patrimoine-de-pennautier.fr\/index.php\/wp-json\/wp\/v2\/types\/post"}],"author":[{"embeddable":true,"href":"https:\/\/patrimoine-de-pennautier.fr\/index.php\/wp-json\/wp\/v2\/users\/1"}],"replies":[{"embeddable":true,"href":"https:\/\/patrimoine-de-pennautier.fr\/index.php\/wp-json\/wp\/v2\/comments?post=2475"}],"version-history":[{"count":7,"href":"https:\/\/patrimoine-de-pennautier.fr\/index.php\/wp-json\/wp\/v2\/posts\/2475\/revisions"}],"predecessor-version":[{"id":2566,"href":"https:\/\/patrimoine-de-pennautier.fr\/index.php\/wp-json\/wp\/v2\/posts\/2475\/revisions\/2566"}],"wp:featuredmedia":[{"embeddable":true,"href":"https:\/\/patrimoine-de-pennautier.fr\/index.php\/wp-json\/wp\/v2\/media\/2476"}],"wp:attachment":[{"href":"https:\/\/patrimoine-de-pennautier.fr\/index.php\/wp-json\/wp\/v2\/media?parent=2475"}],"wp:term":[{"taxonomy":"category","embeddable":true,"href":"https:\/\/patrimoine-de-pennautier.fr\/index.php\/wp-json\/wp\/v2\/categories?post=2475"},{"taxonomy":"post_tag","embeddable":true,"href":"https:\/\/patrimoine-de-pennautier.fr\/index.php\/wp-json\/wp\/v2\/tags?post=2475"}],"curies":[{"name":"wp","href":"https:\/\/api.w.org\/{rel}","templated":true}]}}